{"id":5031,"date":"2024-06-09T22:00:22","date_gmt":"2024-06-09T20:00:22","guid":{"rendered":"https:\/\/demo.areneslyriques.com\/?p=5031"},"modified":"2024-08-02T12:26:07","modified_gmt":"2024-08-02T10:26:07","slug":"arthur-mouret","status":"publish","type":"post","link":"https:\/\/areneslyriques.com\/en\/2024-musicians\/arthur-mouret\/","title":{"rendered":"Arthur Mouret"},"content":{"rendered":"<div class=\"wpb-content-wrapper\"><p>[vc_row][vc_column][vc_single_image image=&#8221;5448&#8243; img_size=&#8221;full&#8221; alignment=&#8221;center&#8221; css=&#8221;.vc_custom_1717680101170{padding-top: 0px !important;padding-right: 20% !important;padding-bottom: 2% !important;padding-left: 20% !important;}&#8221;][vc_custom_heading source=&#8221;post_title&#8221; font_container=&#8221;tag:h1|text_align:center&#8221; use_theme_fonts=&#8221;yes&#8221; css_animation=&#8221;fadeIn&#8221; css=&#8221;.vc_custom_1687048300758{margin-bottom: 10px !important;}&#8221;][vc_custom_heading text=&#8221;Viola&#8221; font_container=&#8221;tag:div|font_size:22px|text_align:center|line_height:25px&#8221; use_theme_fonts=&#8221;yes&#8221; css_animation=&#8221;fadeIn&#8221; css=&#8221;.vc_custom_1716635818334{margin-bottom: 30px !important;}&#8221;][vc_column_text css_animation=&#8221;fadeIn&#8221; css=&#8221;&#8221;]Arthur Mouret, born in 2005, began playing the viola at the Conservatoire \u00e0 Rayonnement R\u00e9gional de Toulouse in 2011. During his training at the CRR, Arthur attended masterclasses with Michel Michalakakos and Domingo Mujica. He obtained his DEM in 2022, and was admitted the same year to Fran\u00e7oise Gneri&#8217;s class at the Conservatoire \u00e0 Rayonnement R\u00e9gional de Paris.[\/vc_column_text][\/vc_column][\/vc_row]<\/p>\n<\/div>","protected":false},"excerpt":{"rendered":"<p>Viola<\/p>\n","protected":false},"author":1,"featured_media":5448,"comment_status":"closed","ping_status":"closed","sticky":false,"template":"","format":"aside","meta":{"footnotes":""},"categories":[74],"tags":[],"class_list":["post-5031","post","type-post","status-publish","format-aside","has-post-thumbnail","hentry","category-2024-musicians","post_format-post-format-aside"],"yoast_head":"<!-- This site is optimized with the Yoast SEO plugin v25.1 - https:\/\/yoast.com\/wordpress\/plugins\/seo\/ -->\n<title>Zacchary Leblond &#8226; Les Ar\u00e8nes Lyriques<\/title>\n<meta name=\"robots\" content=\"index, follow, max-snippet:-1, max-image-preview:large, max-video-preview:-1\" \/>\n<link rel=\"canonical\" href=\"https:\/\/areneslyriques.com\/en\/2024-musicians\/arthur-mouret\/\" \/>\n<meta property=\"og:locale\" content=\"en_US\" \/>\n<meta property=\"og:type\" content=\"article\" \/>\n<meta property=\"og:title\" content=\"Zacchary Leblond &#8226; Les Ar\u00e8nes Lyriques\" \/>\n<meta property=\"og:description\" content=\"Viola\" \/>\n<meta property=\"og:url\" content=\"https:\/\/areneslyriques.com\/en\/2024-musicians\/arthur-mouret\/\" \/>\n<meta property=\"og:site_name\" content=\"Les Ar\u00e8nes Lyriques\" \/>\n<meta property=\"article:publisher\" content=\"https:\/\/www.facebook.com\/areneslyriques\" \/>\n<meta property=\"article:published_time\" content=\"2024-06-09T20:00:22+00:00\" \/>\n<meta property=\"article:modified_time\" content=\"2024-08-02T10:26:07+00:00\" \/>\n<meta property=\"og:image\" content=\"https:\/\/areneslyriques.com\/wp-content\/uploads\/2024\/05\/arthur-mouret-alto.jpeg\" \/>\n\t<meta property=\"og:image:width\" content=\"1000\" \/>\n\t<meta property=\"og:image:height\" content=\"1000\" \/>\n\t<meta property=\"og:image:type\" content=\"image\/jpeg\" \/>\n<meta name=\"author\" content=\"admin6930\" \/>\n<meta name=\"twitter:card\" content=\"summary_large_image\" \/>\n<meta name=\"twitter:label1\" content=\"Written by\" \/>\n\t<meta name=\"twitter:data1\" content=\"admin6930\" \/>\n\t<meta name=\"twitter:label2\" content=\"Est. reading time\" \/>\n\t<meta name=\"twitter:data2\" content=\"1 minute\" \/>\n<script type=\"application\/ld+json\" class=\"yoast-schema-graph\">{\"@context\":\"https:\/\/schema.org\",\"@graph\":[{\"@type\":\"Article\",\"@id\":\"https:\/\/areneslyriques.com\/en\/2024-musicians\/arthur-mouret\/#article\",\"isPartOf\":{\"@id\":\"https:\/\/areneslyriques.com\/en\/2024-musicians\/arthur-mouret\/\"},\"author\":{\"name\":\"admin6930\",\"@id\":\"https:\/\/areneslyriques.com\/en\/#\/schema\/person\/dfd49db29c6213f8b3a7bc96fcbc4e70\"},\"headline\":\"Arthur Mouret\",\"datePublished\":\"2024-06-09T20:00:22+00:00\",\"dateModified\":\"2024-08-02T10:26:07+00:00\",\"mainEntityOfPage\":{\"@id\":\"https:\/\/areneslyriques.com\/en\/2024-musicians\/arthur-mouret\/\"},\"wordCount\":155,\"publisher\":{\"@id\":\"https:\/\/areneslyriques.com\/en\/#organization\"},\"image\":{\"@id\":\"https:\/\/areneslyriques.com\/en\/2024-musicians\/arthur-mouret\/#primaryimage\"},\"thumbnailUrl\":\"https:\/\/areneslyriques.com\/wp-content\/uploads\/2024\/05\/arthur-mouret-alto.jpeg\",\"articleSection\":[\"2024 Musicians\"],\"inLanguage\":\"en-US\"},{\"@type\":\"WebPage\",\"@id\":\"https:\/\/areneslyriques.com\/en\/2024-musicians\/arthur-mouret\/\",\"url\":\"https:\/\/areneslyriques.com\/en\/2024-musicians\/arthur-mouret\/\",\"name\":\"Zacchary Leblond &#8226; Les Ar\u00e8nes Lyriques\",\"isPartOf\":{\"@id\":\"https:\/\/areneslyriques.com\/en\/#website\"},\"primaryImageOfPage\":{\"@id\":\"https:\/\/areneslyriques.com\/en\/2024-musicians\/arthur-mouret\/#primaryimage\"},\"image\":{\"@id\":\"https:\/\/areneslyriques.com\/en\/2024-musicians\/arthur-mouret\/#primaryimage\"},\"thumbnailUrl\":\"https:\/\/areneslyriques.com\/wp-content\/uploads\/2024\/05\/arthur-mouret-alto.jpeg\",\"datePublished\":\"2024-06-09T20:00:22+00:00\",\"dateModified\":\"2024-08-02T10:26:07+00:00\",\"inLanguage\":\"en-US\",\"potentialAction\":[{\"@type\":\"ReadAction\",\"target\":[\"https:\/\/areneslyriques.com\/en\/2024-musicians\/arthur-mouret\/\"]}]},{\"@type\":\"ImageObject\",\"inLanguage\":\"en-US\",\"@id\":\"https:\/\/areneslyriques.com\/en\/2024-musicians\/arthur-mouret\/#primaryimage\",\"url\":\"https:\/\/areneslyriques.com\/wp-content\/uploads\/2024\/05\/arthur-mouret-alto.jpeg\",\"contentUrl\":\"https:\/\/areneslyriques.com\/wp-content\/uploads\/2024\/05\/arthur-mouret-alto.jpeg\",\"width\":1000,\"height\":1000},{\"@type\":\"WebSite\",\"@id\":\"https:\/\/areneslyriques.com\/en\/#website\",\"url\":\"https:\/\/areneslyriques.com\/en\/\",\"name\":\"Les Ar\u00e8nes Lyriques | Le Concert de Montmartre\",\"description\":\"Nuits Classique \u00e0 Montmartre\",\"publisher\":{\"@id\":\"https:\/\/areneslyriques.com\/en\/#organization\"},\"potentialAction\":[{\"@type\":\"SearchAction\",\"target\":{\"@type\":\"EntryPoint\",\"urlTemplate\":\"https:\/\/areneslyriques.com\/en\/?s={search_term_string}\"},\"query-input\":{\"@type\":\"PropertyValueSpecification\",\"valueRequired\":true,\"valueName\":\"search_term_string\"}}],\"inLanguage\":\"en-US\"},{\"@type\":\"Organization\",\"@id\":\"https:\/\/areneslyriques.com\/en\/#organization\",\"name\":\"Les Ar\u00e8nes Lyriques | Le Concert de Montmartre\",\"url\":\"https:\/\/areneslyriques.com\/en\/\",\"logo\":{\"@type\":\"ImageObject\",\"inLanguage\":\"en-US\",\"@id\":\"https:\/\/areneslyriques.com\/en\/#\/schema\/logo\/image\/\",\"url\":\"https:\/\/i0.wp.com\/areneslyriques.com\/wp-content\/uploads\/2023\/06\/les-arenes-lyriques-logo-bleu-2023.png?fit=1835%2C172&ssl=1\",\"contentUrl\":\"https:\/\/i0.wp.com\/areneslyriques.com\/wp-content\/uploads\/2023\/06\/les-arenes-lyriques-logo-bleu-2023.png?fit=1835%2C172&ssl=1\",\"width\":1835,\"height\":172,\"caption\":\"Les Ar\u00e8nes Lyriques | Le Concert de Montmartre\"},\"image\":{\"@id\":\"https:\/\/areneslyriques.com\/en\/#\/schema\/logo\/image\/\"},\"sameAs\":[\"https:\/\/www.facebook.com\/areneslyriques\",\"https:\/\/www.instagram.com\/les.arenes.lyriques\/\"]},{\"@type\":\"Person\",\"@id\":\"https:\/\/areneslyriques.com\/en\/#\/schema\/person\/dfd49db29c6213f8b3a7bc96fcbc4e70\",\"name\":\"admin6930\",\"url\":\"https:\/\/areneslyriques.com\/en\/author\/admin6930\/\"}]}<\/script>\n<!-- \/ Yoast SEO plugin. -->","yoast_head_json":{"title":"Zacchary Leblond &#8226; Les Ar\u00e8nes Lyriques","robots":{"index":"index","follow":"follow","max-snippet":"max-snippet:-1","max-image-preview":"max-image-preview:large","max-video-preview":"max-video-preview:-1"},"canonical":"https:\/\/areneslyriques.com\/en\/2024-musicians\/arthur-mouret\/","og_locale":"en_US","og_type":"article","og_title":"Zacchary Leblond &#8226; Les Ar\u00e8nes Lyriques","og_description":"Viola","og_url":"https:\/\/areneslyriques.com\/en\/2024-musicians\/arthur-mouret\/","og_site_name":"Les Ar\u00e8nes Lyriques","article_publisher":"https:\/\/www.facebook.com\/areneslyriques","article_published_time":"2024-06-09T20:00:22+00:00","article_modified_time":"2024-08-02T10:26:07+00:00","og_image":[{"width":1000,"height":1000,"url":"https:\/\/areneslyriques.com\/wp-content\/uploads\/2024\/05\/arthur-mouret-alto.jpeg","type":"image\/jpeg"}],"author":"admin6930","twitter_card":"summary_large_image","twitter_misc":{"Written by":"admin6930","Est. reading time":"1 minute"},"schema":{"@context":"https:\/\/schema.org","@graph":[{"@type":"Article","@id":"https:\/\/areneslyriques.com\/en\/2024-musicians\/arthur-mouret\/#article","isPartOf":{"@id":"https:\/\/areneslyriques.com\/en\/2024-musicians\/arthur-mouret\/"},"author":{"name":"admin6930","@id":"https:\/\/areneslyriques.com\/en\/#\/schema\/person\/dfd49db29c6213f8b3a7bc96fcbc4e70"},"headline":"Arthur Mouret","datePublished":"2024-06-09T20:00:22+00:00","dateModified":"2024-08-02T10:26:07+00:00","mainEntityOfPage":{"@id":"https:\/\/areneslyriques.com\/en\/2024-musicians\/arthur-mouret\/"},"wordCount":155,"publisher":{"@id":"https:\/\/areneslyriques.com\/en\/#organization"},"image":{"@id":"https:\/\/areneslyriques.com\/en\/2024-musicians\/arthur-mouret\/#primaryimage"},"thumbnailUrl":"https:\/\/areneslyriques.com\/wp-content\/uploads\/2024\/05\/arthur-mouret-alto.jpeg","articleSection":["2024 Musicians"],"inLanguage":"en-US"},{"@type":"WebPage","@id":"https:\/\/areneslyriques.com\/en\/2024-musicians\/arthur-mouret\/","url":"https:\/\/areneslyriques.com\/en\/2024-musicians\/arthur-mouret\/","name":"Zacchary Leblond &#8226; Les Ar\u00e8nes Lyriques","isPartOf":{"@id":"https:\/\/areneslyriques.com\/en\/#website"},"primaryImageOfPage":{"@id":"https:\/\/areneslyriques.com\/en\/2024-musicians\/arthur-mouret\/#primaryimage"},"image":{"@id":"https:\/\/areneslyriques.com\/en\/2024-musicians\/arthur-mouret\/#primaryimage"},"thumbnailUrl":"https:\/\/areneslyriques.com\/wp-content\/uploads\/2024\/05\/arthur-mouret-alto.jpeg","datePublished":"2024-06-09T20:00:22+00:00","dateModified":"2024-08-02T10:26:07+00:00","inLanguage":"en-US","potentialAction":[{"@type":"ReadAction","target":["https:\/\/areneslyriques.com\/en\/2024-musicians\/arthur-mouret\/"]}]},{"@type":"ImageObject","inLanguage":"en-US","@id":"https:\/\/areneslyriques.com\/en\/2024-musicians\/arthur-mouret\/#primaryimage","url":"https:\/\/areneslyriques.com\/wp-content\/uploads\/2024\/05\/arthur-mouret-alto.jpeg","contentUrl":"https:\/\/areneslyriques.com\/wp-content\/uploads\/2024\/05\/arthur-mouret-alto.jpeg","width":1000,"height":1000},{"@type":"WebSite","@id":"https:\/\/areneslyriques.com\/en\/#website","url":"https:\/\/areneslyriques.com\/en\/","name":"Les Ar\u00e8nes Lyriques | Le Concert de Montmartre","description":"Nuits Classique \u00e0 Montmartre","publisher":{"@id":"https:\/\/areneslyriques.com\/en\/#organization"},"potentialAction":[{"@type":"SearchAction","target":{"@type":"EntryPoint","urlTemplate":"https:\/\/areneslyriques.com\/en\/?s={search_term_string}"},"query-input":{"@type":"PropertyValueSpecification","valueRequired":true,"valueName":"search_term_string"}}],"inLanguage":"en-US"},{"@type":"Organization","@id":"https:\/\/areneslyriques.com\/en\/#organization","name":"Les Ar\u00e8nes Lyriques | Le Concert de Montmartre","url":"https:\/\/areneslyriques.com\/en\/","logo":{"@type":"ImageObject","inLanguage":"en-US","@id":"https:\/\/areneslyriques.com\/en\/#\/schema\/logo\/image\/","url":"https:\/\/i0.wp.com\/areneslyriques.com\/wp-content\/uploads\/2023\/06\/les-arenes-lyriques-logo-bleu-2023.png?fit=1835%2C172&ssl=1","contentUrl":"https:\/\/i0.wp.com\/areneslyriques.com\/wp-content\/uploads\/2023\/06\/les-arenes-lyriques-logo-bleu-2023.png?fit=1835%2C172&ssl=1","width":1835,"height":172,"caption":"Les Ar\u00e8nes Lyriques | Le Concert de Montmartre"},"image":{"@id":"https:\/\/areneslyriques.com\/en\/#\/schema\/logo\/image\/"},"sameAs":["https:\/\/www.facebook.com\/areneslyriques","https:\/\/www.instagram.com\/les.arenes.lyriques\/"]},{"@type":"Person","@id":"https:\/\/areneslyriques.com\/en\/#\/schema\/person\/dfd49db29c6213f8b3a7bc96fcbc4e70","name":"admin6930","url":"https:\/\/areneslyriques.com\/en\/author\/admin6930\/"}]}},"fimg_url":"https:\/\/areneslyriques.com\/wp-content\/uploads\/2024\/05\/arthur-mouret-alto.jpeg","_links":{"self":[{"href":"https:\/\/areneslyriques.com\/en\/wp-json\/wp\/v2\/posts\/5031","targetHints":{"allow":["GET"]}}],"collection":[{"href":"https:\/\/areneslyriques.com\/en\/wp-json\/wp\/v2\/posts"}],"about":[{"href":"https:\/\/areneslyriques.com\/en\/wp-json\/wp\/v2\/types\/post"}],"author":[{"embeddable":true,"href":"https:\/\/areneslyriques.com\/en\/wp-json\/wp\/v2\/users\/1"}],"replies":[{"embeddable":true,"href":"https:\/\/areneslyriques.com\/en\/wp-json\/wp\/v2\/comments?post=5031"}],"version-history":[{"count":17,"href":"https:\/\/areneslyriques.com\/en\/wp-json\/wp\/v2\/posts\/5031\/revisions"}],"predecessor-version":[{"id":6066,"href":"https:\/\/areneslyriques.com\/en\/wp-json\/wp\/v2\/posts\/5031\/revisions\/6066"}],"wp:featuredmedia":[{"embeddable":true,"href":"https:\/\/areneslyriques.com\/en\/wp-json\/wp\/v2\/media\/5448"}],"wp:attachment":[{"href":"https:\/\/areneslyriques.com\/en\/wp-json\/wp\/v2\/media?parent=5031"}],"wp:term":[{"taxonomy":"category","embeddable":true,"href":"https:\/\/areneslyriques.com\/en\/wp-json\/wp\/v2\/categories?post=5031"},{"taxonomy":"post_tag","embeddable":true,"href":"https:\/\/areneslyriques.com\/en\/wp-json\/wp\/v2\/tags?post=5031"}],"curies":[{"name":"wp","href":"https:\/\/api.w.org\/{rel}","templated":true}]}}