{"id":3875,"date":"2023-06-24T02:29:52","date_gmt":"2023-06-24T00:29:52","guid":{"rendered":"https:\/\/areneslyriques.com\/uncategorized\/alienorfeix\/"},"modified":"2023-07-14T11:44:53","modified_gmt":"2023-07-14T09:44:53","slug":"alienor-feix","status":"publish","type":"post","link":"https:\/\/areneslyriques.com\/en\/2023-musicians\/alienor-feix\/","title":{"rendered":"Ali\u00e9nor Feix"},"content":{"rendered":"<div class=\"wpb-content-wrapper\"><p>[vc_row][vc_column][vc_single_image image=&#8221;4306&#8243; img_size=&#8221;full&#8221; alignment=&#8221;center&#8221; css=&#8221;.vc_custom_1689327890625{padding-top: 0px !important;padding-right: 13vw !important;padding-bottom: 2% !important;padding-left: 13vw !important;}&#8221;][vc_custom_heading source=&#8221;post_title&#8221; font_container=&#8221;tag:h1|text_align:center&#8221; use_theme_fonts=&#8221;yes&#8221; css_animation=&#8221;fadeIn&#8221; css=&#8221;.vc_custom_1687048472034{margin-bottom: 10px !important;}&#8221;][vc_custom_heading text=&#8221;Mezzo-soprano&#8221; font_container=&#8221;tag:div|font_size:22px|text_align:center|line_height:25px&#8221; use_theme_fonts=&#8221;yes&#8221; css_animation=&#8221;fadeIn&#8221;][vc_column_text css_animation=&#8221;fadeIn&#8221; css=&#8221;.vc_custom_1688316371965{margin-bottom: 30px !important;}&#8221;]<\/p>\n<p style=\"text-align: center;\">(july 28, 29 &amp; august 10, 11, 12)<\/p>\n<p>[\/vc_column_text][vc_column_text css_animation=&#8221;fadeIn&#8221;]Ali\u00e9nor Feix began her musical studies at the age of six, and in 2012, she joined the Ma\u00eetrise de Notre-Dame de Paris under the direction of Lionel Sow, in the specialized cycle for adults of Rosa Dominguez. She also participated in masterclasses with Margreet H\u00f6nig, Semjon Skigin, Alain Buet, Regina Werner, Janina Baechle as well as with Rosemarie Landry who invited her to perfect her skills at the Institute of Vocal Art of Canada with Mignon Dunn and Judith Forst. She then followed the teachings of Carola Guber at the Hochschule F\u00fcr Musik und Tanz in Leipzig.<\/p>\n<p>In March 2015, she performed Wagner&#8217;s Siegfried and the Cursed Ring at the Op\u00e9ra Bastille under the direction of Vincent Praxmarer. Afterwards, Ali\u00e9nor took part in the show Tell me a comic opera story and performed the roles of Carmen and Nicklausse at the Op\u00e9ra Comique.<br \/>\nAli\u00e9nor performed at the Philharmonie de Paris in the show 200 Motels by Frank Zappa and then sang, alongside the Orchester des Laur\u00e9ats, Amour Sorcier by Manuel De Falla. She also played a program dedicated to the Wesendonck Lieder in a recital with the pianist Ouri Bronchti at La Monnaie. In 2019, she won her first singing prize at the CNSMDP in the class of El\u00e8ne Golgevit, and then the second prize in the opera category of the Marmande international competition. Subsequently, she made her debut in the role of Dorabella at the Op\u00e9ra de Tours, then Cherubin at the Op\u00e9ra de Lille. The same year, she was Madelon in Fortunio at the Op\u00e9ra Comique.<\/p>\n<p>In 2020, Jean Bellorini offered her to join his troupe in order to put together a show around the myth of Orpheus. Ali\u00e9nor made her debut in 2021 at the Th\u00e9\u00e2tre des Champs Elys\u00e9es in the role of Orestes in La Belle H\u00e9l\u00e8ne by Offenbach with Les Grandes Voix, then Inez in the Trouv\u00e8re at the Op\u00e9ra de Rouen. She was also invited by the Slovenian Philharmonic in Ljubljana and then by the Orchestre national de France to perform the Requiem of Saint Sa\u00ebns under the direction of Cristian Macelaru. In 2022-2023, she continued touring with The Game of Shadows and embodied Merc\u00e9d\u00e8s in Carmen at the Op\u00e9ra Comique.<\/p>\n<p>In 2021, she recorded a CD devoted to Haydn with the Ensemble Consonance.[\/vc_column_text][\/vc_column][\/vc_row]<\/p>\n<\/div>","protected":false},"excerpt":{"rendered":"<p>Mezzo-soprano<br \/>\n<span>(july 28, 29 &#038; august 10, 11, 12)<\/span><\/p>\n","protected":false},"author":1,"featured_media":4345,"comment_status":"closed","ping_status":"closed","sticky":false,"template":"","format":"aside","meta":{"footnotes":""},"categories":[70],"tags":[],"class_list":["post-3875","post","type-post","status-publish","format-aside","has-post-thumbnail","hentry","category-2023-musicians","post_format-post-format-aside"],"yoast_head":"<!-- This site is optimized with the Yoast SEO plugin v25.1 - https:\/\/yoast.com\/wordpress\/plugins\/seo\/ -->\n<title>Ali\u00e9nor Feix &#8226; Les Ar\u00e8nes Lyriques<\/title>\n<meta name=\"robots\" content=\"index, follow, max-snippet:-1, max-image-preview:large, max-video-preview:-1\" \/>\n<link rel=\"canonical\" href=\"https:\/\/areneslyriques.com\/en\/2023-musicians\/alienor-feix\/\" \/>\n<meta property=\"og:locale\" content=\"en_US\" \/>\n<meta property=\"og:type\" content=\"article\" \/>\n<meta property=\"og:title\" content=\"Ali\u00e9nor Feix &#8226; Les Ar\u00e8nes Lyriques\" \/>\n<meta property=\"og:description\" content=\"Mezzo-soprano (july 28, 29 &amp; august 10, 11, 12)\" \/>\n<meta property=\"og:url\" content=\"https:\/\/areneslyriques.com\/en\/2023-musicians\/alienor-feix\/\" \/>\n<meta property=\"og:site_name\" content=\"Les Ar\u00e8nes Lyriques\" \/>\n<meta property=\"article:publisher\" content=\"https:\/\/www.facebook.com\/areneslyriques\" \/>\n<meta property=\"article:published_time\" content=\"2023-06-24T00:29:52+00:00\" \/>\n<meta property=\"article:modified_time\" content=\"2023-07-14T09:44:53+00:00\" \/>\n<meta property=\"og:image\" content=\"https:\/\/areneslyriques.com\/wp-content\/uploads\/2023\/06\/alienor-feix-3.png\" \/>\n\t<meta property=\"og:image:width\" content=\"1040\" \/>\n\t<meta property=\"og:image:height\" content=\"1040\" \/>\n\t<meta property=\"og:image:type\" content=\"image\/png\" \/>\n<meta name=\"author\" content=\"admin6930\" \/>\n<meta name=\"twitter:card\" content=\"summary_large_image\" \/>\n<meta name=\"twitter:label1\" content=\"Written by\" \/>\n\t<meta name=\"twitter:data1\" content=\"admin6930\" \/>\n\t<meta name=\"twitter:label2\" content=\"Est. reading time\" \/>\n\t<meta name=\"twitter:data2\" content=\"3 minutes\" \/>\n<script type=\"application\/ld+json\" class=\"yoast-schema-graph\">{\"@context\":\"https:\/\/schema.org\",\"@graph\":[{\"@type\":\"Article\",\"@id\":\"https:\/\/areneslyriques.com\/en\/2023-musicians\/alienor-feix\/#article\",\"isPartOf\":{\"@id\":\"https:\/\/areneslyriques.com\/en\/2023-musicians\/alienor-feix\/\"},\"author\":{\"name\":\"admin6930\",\"@id\":\"https:\/\/areneslyriques.com\/en\/#\/schema\/person\/dfd49db29c6213f8b3a7bc96fcbc4e70\"},\"headline\":\"Ali\u00e9nor Feix\",\"datePublished\":\"2023-06-24T00:29:52+00:00\",\"dateModified\":\"2023-07-14T09:44:53+00:00\",\"mainEntityOfPage\":{\"@id\":\"https:\/\/areneslyriques.com\/en\/2023-musicians\/alienor-feix\/\"},\"wordCount\":510,\"publisher\":{\"@id\":\"https:\/\/areneslyriques.com\/en\/#organization\"},\"image\":{\"@id\":\"https:\/\/areneslyriques.com\/en\/2023-musicians\/alienor-feix\/#primaryimage\"},\"thumbnailUrl\":\"https:\/\/areneslyriques.com\/wp-content\/uploads\/2023\/06\/alienor-feix-3.png\",\"articleSection\":[\"2023 Musicians\"],\"inLanguage\":\"en-US\"},{\"@type\":\"WebPage\",\"@id\":\"https:\/\/areneslyriques.com\/en\/2023-musicians\/alienor-feix\/\",\"url\":\"https:\/\/areneslyriques.com\/en\/2023-musicians\/alienor-feix\/\",\"name\":\"Ali\u00e9nor Feix &#8226; Les Ar\u00e8nes Lyriques\",\"isPartOf\":{\"@id\":\"https:\/\/areneslyriques.com\/en\/#website\"},\"primaryImageOfPage\":{\"@id\":\"https:\/\/areneslyriques.com\/en\/2023-musicians\/alienor-feix\/#primaryimage\"},\"image\":{\"@id\":\"https:\/\/areneslyriques.com\/en\/2023-musicians\/alienor-feix\/#primaryimage\"},\"thumbnailUrl\":\"https:\/\/areneslyriques.com\/wp-content\/uploads\/2023\/06\/alienor-feix-3.png\",\"datePublished\":\"2023-06-24T00:29:52+00:00\",\"dateModified\":\"2023-07-14T09:44:53+00:00\",\"inLanguage\":\"en-US\",\"potentialAction\":[{\"@type\":\"ReadAction\",\"target\":[\"https:\/\/areneslyriques.com\/en\/2023-musicians\/alienor-feix\/\"]}]},{\"@type\":\"ImageObject\",\"inLanguage\":\"en-US\",\"@id\":\"https:\/\/areneslyriques.com\/en\/2023-musicians\/alienor-feix\/#primaryimage\",\"url\":\"https:\/\/areneslyriques.com\/wp-content\/uploads\/2023\/06\/alienor-feix-3.png\",\"contentUrl\":\"https:\/\/areneslyriques.com\/wp-content\/uploads\/2023\/06\/alienor-feix-3.png\",\"width\":1040,\"height\":1040},{\"@type\":\"WebSite\",\"@id\":\"https:\/\/areneslyriques.com\/en\/#website\",\"url\":\"https:\/\/areneslyriques.com\/en\/\",\"name\":\"Les Ar\u00e8nes Lyriques | Le Concert de Montmartre\",\"description\":\"Nuits Classique \u00e0 Montmartre\",\"publisher\":{\"@id\":\"https:\/\/areneslyriques.com\/en\/#organization\"},\"potentialAction\":[{\"@type\":\"SearchAction\",\"target\":{\"@type\":\"EntryPoint\",\"urlTemplate\":\"https:\/\/areneslyriques.com\/en\/?s={search_term_string}\"},\"query-input\":{\"@type\":\"PropertyValueSpecification\",\"valueRequired\":true,\"valueName\":\"search_term_string\"}}],\"inLanguage\":\"en-US\"},{\"@type\":\"Organization\",\"@id\":\"https:\/\/areneslyriques.com\/en\/#organization\",\"name\":\"Les Ar\u00e8nes Lyriques | Le Concert de Montmartre\",\"url\":\"https:\/\/areneslyriques.com\/en\/\",\"logo\":{\"@type\":\"ImageObject\",\"inLanguage\":\"en-US\",\"@id\":\"https:\/\/areneslyriques.com\/en\/#\/schema\/logo\/image\/\",\"url\":\"https:\/\/i0.wp.com\/areneslyriques.com\/wp-content\/uploads\/2023\/06\/les-arenes-lyriques-logo-bleu-2023.png?fit=1835%2C172&ssl=1\",\"contentUrl\":\"https:\/\/i0.wp.com\/areneslyriques.com\/wp-content\/uploads\/2023\/06\/les-arenes-lyriques-logo-bleu-2023.png?fit=1835%2C172&ssl=1\",\"width\":1835,\"height\":172,\"caption\":\"Les Ar\u00e8nes Lyriques | Le Concert de Montmartre\"},\"image\":{\"@id\":\"https:\/\/areneslyriques.com\/en\/#\/schema\/logo\/image\/\"},\"sameAs\":[\"https:\/\/www.facebook.com\/areneslyriques\",\"https:\/\/www.instagram.com\/les.arenes.lyriques\/\"]},{\"@type\":\"Person\",\"@id\":\"https:\/\/areneslyriques.com\/en\/#\/schema\/person\/dfd49db29c6213f8b3a7bc96fcbc4e70\",\"name\":\"admin6930\",\"url\":\"https:\/\/areneslyriques.com\/en\/author\/admin6930\/\"}]}<\/script>\n<!-- \/ Yoast SEO plugin. -->","yoast_head_json":{"title":"Ali\u00e9nor Feix &#8226; Les Ar\u00e8nes Lyriques","robots":{"index":"index","follow":"follow","max-snippet":"max-snippet:-1","max-image-preview":"max-image-preview:large","max-video-preview":"max-video-preview:-1"},"canonical":"https:\/\/areneslyriques.com\/en\/2023-musicians\/alienor-feix\/","og_locale":"en_US","og_type":"article","og_title":"Ali\u00e9nor Feix &#8226; Les Ar\u00e8nes Lyriques","og_description":"Mezzo-soprano (july 28, 29 & august 10, 11, 12)","og_url":"https:\/\/areneslyriques.com\/en\/2023-musicians\/alienor-feix\/","og_site_name":"Les Ar\u00e8nes Lyriques","article_publisher":"https:\/\/www.facebook.com\/areneslyriques","article_published_time":"2023-06-24T00:29:52+00:00","article_modified_time":"2023-07-14T09:44:53+00:00","og_image":[{"width":1040,"height":1040,"url":"https:\/\/areneslyriques.com\/wp-content\/uploads\/2023\/06\/alienor-feix-3.png","type":"image\/png"}],"author":"admin6930","twitter_card":"summary_large_image","twitter_misc":{"Written by":"admin6930","Est. reading time":"3 minutes"},"schema":{"@context":"https:\/\/schema.org","@graph":[{"@type":"Article","@id":"https:\/\/areneslyriques.com\/en\/2023-musicians\/alienor-feix\/#article","isPartOf":{"@id":"https:\/\/areneslyriques.com\/en\/2023-musicians\/alienor-feix\/"},"author":{"name":"admin6930","@id":"https:\/\/areneslyriques.com\/en\/#\/schema\/person\/dfd49db29c6213f8b3a7bc96fcbc4e70"},"headline":"Ali\u00e9nor Feix","datePublished":"2023-06-24T00:29:52+00:00","dateModified":"2023-07-14T09:44:53+00:00","mainEntityOfPage":{"@id":"https:\/\/areneslyriques.com\/en\/2023-musicians\/alienor-feix\/"},"wordCount":510,"publisher":{"@id":"https:\/\/areneslyriques.com\/en\/#organization"},"image":{"@id":"https:\/\/areneslyriques.com\/en\/2023-musicians\/alienor-feix\/#primaryimage"},"thumbnailUrl":"https:\/\/areneslyriques.com\/wp-content\/uploads\/2023\/06\/alienor-feix-3.png","articleSection":["2023 Musicians"],"inLanguage":"en-US"},{"@type":"WebPage","@id":"https:\/\/areneslyriques.com\/en\/2023-musicians\/alienor-feix\/","url":"https:\/\/areneslyriques.com\/en\/2023-musicians\/alienor-feix\/","name":"Ali\u00e9nor Feix &#8226; Les Ar\u00e8nes Lyriques","isPartOf":{"@id":"https:\/\/areneslyriques.com\/en\/#website"},"primaryImageOfPage":{"@id":"https:\/\/areneslyriques.com\/en\/2023-musicians\/alienor-feix\/#primaryimage"},"image":{"@id":"https:\/\/areneslyriques.com\/en\/2023-musicians\/alienor-feix\/#primaryimage"},"thumbnailUrl":"https:\/\/areneslyriques.com\/wp-content\/uploads\/2023\/06\/alienor-feix-3.png","datePublished":"2023-06-24T00:29:52+00:00","dateModified":"2023-07-14T09:44:53+00:00","inLanguage":"en-US","potentialAction":[{"@type":"ReadAction","target":["https:\/\/areneslyriques.com\/en\/2023-musicians\/alienor-feix\/"]}]},{"@type":"ImageObject","inLanguage":"en-US","@id":"https:\/\/areneslyriques.com\/en\/2023-musicians\/alienor-feix\/#primaryimage","url":"https:\/\/areneslyriques.com\/wp-content\/uploads\/2023\/06\/alienor-feix-3.png","contentUrl":"https:\/\/areneslyriques.com\/wp-content\/uploads\/2023\/06\/alienor-feix-3.png","width":1040,"height":1040},{"@type":"WebSite","@id":"https:\/\/areneslyriques.com\/en\/#website","url":"https:\/\/areneslyriques.com\/en\/","name":"Les Ar\u00e8nes Lyriques | Le Concert de Montmartre","description":"Nuits Classique \u00e0 Montmartre","publisher":{"@id":"https:\/\/areneslyriques.com\/en\/#organization"},"potentialAction":[{"@type":"SearchAction","target":{"@type":"EntryPoint","urlTemplate":"https:\/\/areneslyriques.com\/en\/?s={search_term_string}"},"query-input":{"@type":"PropertyValueSpecification","valueRequired":true,"valueName":"search_term_string"}}],"inLanguage":"en-US"},{"@type":"Organization","@id":"https:\/\/areneslyriques.com\/en\/#organization","name":"Les Ar\u00e8nes Lyriques | Le Concert de Montmartre","url":"https:\/\/areneslyriques.com\/en\/","logo":{"@type":"ImageObject","inLanguage":"en-US","@id":"https:\/\/areneslyriques.com\/en\/#\/schema\/logo\/image\/","url":"https:\/\/i0.wp.com\/areneslyriques.com\/wp-content\/uploads\/2023\/06\/les-arenes-lyriques-logo-bleu-2023.png?fit=1835%2C172&ssl=1","contentUrl":"https:\/\/i0.wp.com\/areneslyriques.com\/wp-content\/uploads\/2023\/06\/les-arenes-lyriques-logo-bleu-2023.png?fit=1835%2C172&ssl=1","width":1835,"height":172,"caption":"Les Ar\u00e8nes Lyriques | Le Concert de Montmartre"},"image":{"@id":"https:\/\/areneslyriques.com\/en\/#\/schema\/logo\/image\/"},"sameAs":["https:\/\/www.facebook.com\/areneslyriques","https:\/\/www.instagram.com\/les.arenes.lyriques\/"]},{"@type":"Person","@id":"https:\/\/areneslyriques.com\/en\/#\/schema\/person\/dfd49db29c6213f8b3a7bc96fcbc4e70","name":"admin6930","url":"https:\/\/areneslyriques.com\/en\/author\/admin6930\/"}]}},"fimg_url":"https:\/\/areneslyriques.com\/wp-content\/uploads\/2023\/06\/alienor-feix-3.png","_links":{"self":[{"href":"https:\/\/areneslyriques.com\/en\/wp-json\/wp\/v2\/posts\/3875","targetHints":{"allow":["GET"]}}],"collection":[{"href":"https:\/\/areneslyriques.com\/en\/wp-json\/wp\/v2\/posts"}],"about":[{"href":"https:\/\/areneslyriques.com\/en\/wp-json\/wp\/v2\/types\/post"}],"author":[{"embeddable":true,"href":"https:\/\/areneslyriques.com\/en\/wp-json\/wp\/v2\/users\/1"}],"replies":[{"embeddable":true,"href":"https:\/\/areneslyriques.com\/en\/wp-json\/wp\/v2\/comments?post=3875"}],"version-history":[{"count":14,"href":"https:\/\/areneslyriques.com\/en\/wp-json\/wp\/v2\/posts\/3875\/revisions"}],"predecessor-version":[{"id":4611,"href":"https:\/\/areneslyriques.com\/en\/wp-json\/wp\/v2\/posts\/3875\/revisions\/4611"}],"wp:featuredmedia":[{"embeddable":true,"href":"https:\/\/areneslyriques.com\/en\/wp-json\/wp\/v2\/media\/4345"}],"wp:attachment":[{"href":"https:\/\/areneslyriques.com\/en\/wp-json\/wp\/v2\/media?parent=3875"}],"wp:term":[{"taxonomy":"category","embeddable":true,"href":"https:\/\/areneslyriques.com\/en\/wp-json\/wp\/v2\/categories?post=3875"},{"taxonomy":"post_tag","embeddable":true,"href":"https:\/\/areneslyriques.com\/en\/wp-json\/wp\/v2\/tags?post=3875"}],"curies":[{"name":"wp","href":"https:\/\/api.w.org\/{rel}","templated":true}]}}